{"id":699,"date":"2024-05-11T09:00:00","date_gmt":"2024-05-11T09:00:00","guid":{"rendered":"https:\/\/mauriced20.sg-host.com\/?p=699"},"modified":"2025-02-24T22:35:40","modified_gmt":"2025-02-24T22:35:40","slug":"so-6-celebrates-joy-of-diversity","status":"publish","type":"post","link":"https:\/\/southof6.org\/es\/so-6-celebrates-joy-of-diversity\/","title":{"rendered":"So.6 celebra la alegr\u00eda de la diversidad"},"content":{"rendered":"<p>Alejandra Alvarez, o Ale, una talentosa artista originaria de Columbia, est\u00e1 dejando su huella en Iowa City a trav\u00e9s de su arte. Habiendo vivido en Iowa City durante un a\u00f1o y medio, ya est\u00e1 creando piezas que dejar\u00e1n un legado imperecedero. Ale se mud\u00f3 aqu\u00ed originalmente con su esposo, para que \u00e9l pudiera completar su doctorado en la Universidad de Iowa. A pesar de los nervios iniciales por mudarse a este nuevo lugar, Ale r\u00e1pidamente se enamor\u00f3 de Iowa, encontrando consuelo en su significado, &quot;tierra hermosa&quot;. La comunidad unida de Iowa City le ha proporcionado a Ale un entorno de apoyo para crecer como artista, especialmente dentro del Distrito Sur y Public Space One (PS1).&nbsp;<\/p>\n\n\n\n<p>El camino de Ale como artista comenz\u00f3 con sus estudios de dise\u00f1o de interiores, donde descubri\u00f3 el poder del color y el dise\u00f1o en la vida cotidiana. Ale cree que el arte lo es todo: se trata de compartir, ense\u00f1ar y alentar a los dem\u00e1s. Est\u00e1 a nuestro alrededor y se puede experimentar a trav\u00e9s de las experiencias de la vida cotidiana.&nbsp;<\/p>\n\n\n\n<p>Su conexi\u00f3n con el Distrito Sur y PS1 ha sido profunda. PS1 es un centro de arte contempor\u00e1neo dirigido por artistas e impulsado por la comunidad que ofrece un espacio inclusivo para crear y compartir arte. Ense\u00f1ar en PS1 le ha dado confianza a Ale y la ha ayudado a superar su miedo a tener ciertas barreras ling\u00fc\u00edsticas, as\u00ed como la oportunidad de mostrar su trabajo, interactuar con otros artistas y descubrir sus fortalezas y debilidades. Ha encontrado inspiraci\u00f3n en la diversidad de la zona, que captura hermosamente en su dise\u00f1o de Herky llamado &quot;La alegr\u00eda de la diversidad&quot;.<\/p>\n\n\n\n<p>\u201cThe Joy of Diversity\u201d Herky es una celebraci\u00f3n del rico tapiz cultural del Distrito Sur de Iowa City. La estatua presenta una cinta que envuelve el brazo y la pierna, adornada con saludos en diferentes idiomas. Esto invita a los transe\u00fantes a apreciar la diversidad de idiomas y culturas presentes en Iowa City. \u201cThe Joy of Diversity\u201d Herky se colocar\u00e1 en el Mercado del Distrito Sur junto a la autopista 6.&nbsp;<\/p>\n\n\n\n<p>La elecci\u00f3n de medios de Ale, que incluye grabado, dibujo, pintura, costura y cocina, refleja su deseo de crear arte que trascienda los l\u00edmites tradicionales. A trav\u00e9s de su dise\u00f1o Herky, Ale ha logrado su objetivo de crear obras de arte a gran escala que cobran vida en tres dimensiones.<\/p>\n\n\n\n<p>M\u00e1s all\u00e1 de su proyecto actual, Ale da la bienvenida a la participaci\u00f3n de la comunidad a trav\u00e9s de su arte. Se la puede encontrar en PS1 realizando talleres o haciendo voluntariado. Su Instagram, @tinta.aleli (flor de tinta), es otra forma de conectarse con ella y apoyar sus esfuerzos art\u00edsticos.<\/p>\n\n\n\n<p>El arte de Ale no se trata solo de est\u00e9tica; es una celebraci\u00f3n de la diversidad, una invitaci\u00f3n a la reflexi\u00f3n y un testimonio del poder de la comunidad. A trav\u00e9s de su trabajo, Ale est\u00e1 dejando una impresi\u00f3n duradera en Iowa City, una que resuena con su cultura vibrante y diversa.<\/p>\n\n\n\n<p>Si est\u00e1s interesado en aprender m\u00e1s sobre el trabajo de Ale o involucrarte en sus esfuerzos art\u00edsticos, aseg\u00farate de comunicarte y conectarte con ella.<\/p>","protected":false},"excerpt":{"rendered":"<p>Alejandra Alvarez, o Ale, una talentosa artista originaria de Columbia, est\u00e1 dejando su huella en Iowa City a trav\u00e9s de su arte. Despu\u00e9s de haber vivido en Iowa City durante un a\u00f1o y medio, ya est\u00e1 creando piezas que dejar\u00e1n un legado eterno. Ale se mud\u00f3 originalmente aqu\u00ed con su esposo, para que \u00e9l pudiera completar\u2026<\/p>","protected":false},"author":1,"featured_media":700,"comment_status":"open","ping_status":"open","sticky":false,"template":"","format":"standard","meta":{"_acf_changed":false,"_kad_blocks_custom_css":"","_kad_blocks_head_custom_js":"","_kad_blocks_body_custom_js":"","_kad_blocks_footer_custom_js":"","_EventAllDay":false,"_EventTimezone":"","_EventStartDate":"","_EventEndDate":"","_EventStartDateUTC":"","_EventEndDateUTC":"","_EventShowMap":false,"_EventShowMapLink":false,"_EventURL":"","_EventCost":"","_EventCostDescription":"","_EventCurrencySymbol":"","_EventCurrencyCode":"","_EventCurrencyPosition":"","_EventDateTimeSeparator":"","_EventTimeRangeSeparator":"","_EventOrganizerID":[],"_EventVenueID":[],"_OrganizerEmail":"","_OrganizerPhone":"","_OrganizerWebsite":"","_VenueAddress":"","_VenueCity":"","_VenueCountry":"","_VenueProvince":"","_VenueState":"","_VenueZip":"","_VenuePhone":"","_VenueURL":"","_VenueStateProvince":"","_VenueLat":"","_VenueLng":"","_VenueShowMap":false,"_VenueShowMapLink":false,"_kad_post_transparent":"","_kad_post_title":"","_kad_post_layout":"","_kad_post_sidebar_id":"","_kad_post_content_style":"","_kad_post_vertical_padding":"","_kad_post_feature":"","_kad_post_feature_position":"","_kad_post_header":false,"_kad_post_footer":false,"footnotes":""},"categories":[1],"tags":[],"rental":[],"class_list":["post-699","post","type-post","status-publish","format-standard","has-post-thumbnail","hentry","category-news"],"acf":[],"yoast_head":"<!-- This site is optimized with the Yoast SEO plugin v26.8 - https:\/\/yoast.com\/product\/yoast-seo-wordpress\/ -->\n<title>So.6 celebrates Joy of Diversity - South of 6<\/title>\n<meta name=\"robots\" content=\"index, follow, max-snippet:-1, max-image-preview:large, max-video-preview:-1\" \/>\n<link rel=\"canonical\" href=\"https:\/\/southof6.org\/es\/so-6-celebrates-joy-of-diversity\/\" \/>\n<meta property=\"og:locale\" content=\"es_MX\" \/>\n<meta property=\"og:type\" content=\"article\" \/>\n<meta property=\"og:title\" content=\"So.6 celebrates Joy of Diversity - South of 6\" \/>\n<meta property=\"og:description\" content=\"Alejandra Alvarez , or Ale, a talented artist originally from Columbia, is making her impact on Iowa City through her artistry. Having lived in Iowa City for a year and a half, she is already creating pieces that will leave an everlasting legacy. Ale originally moved here with her husband, so that he can complete...\" \/>\n<meta property=\"og:url\" content=\"https:\/\/southof6.org\/es\/so-6-celebrates-joy-of-diversity\/\" \/>\n<meta property=\"og:site_name\" content=\"South of 6\" \/>\n<meta property=\"article:published_time\" content=\"2024-05-11T09:00:00+00:00\" \/>\n<meta property=\"article:modified_time\" content=\"2025-02-24T22:35:40+00:00\" \/>\n<meta property=\"og:image\" content=\"https:\/\/southof6.org\/wp-content\/uploads\/2025\/02\/image.jpeg\" \/>\n\t<meta property=\"og:image:width\" content=\"563\" \/>\n\t<meta property=\"og:image:height\" content=\"750\" \/>\n\t<meta property=\"og:image:type\" content=\"image\/jpeg\" \/>\n<meta name=\"author\" content=\"Director@southof6.org\" \/>\n<meta name=\"twitter:card\" content=\"summary_large_image\" \/>\n<meta name=\"twitter:label1\" content=\"Escrito por\" \/>\n\t<meta name=\"twitter:data1\" content=\"Director@southof6.org\" \/>\n\t<meta name=\"twitter:label2\" content=\"Tiempo de lectura\" \/>\n\t<meta name=\"twitter:data2\" content=\"2 minutos\" \/>\n<script type=\"application\/ld+json\" class=\"yoast-schema-graph\">{\"@context\":\"https:\/\/schema.org\",\"@graph\":[{\"@type\":\"Article\",\"@id\":\"https:\/\/southof6.org\/so-6-celebrates-joy-of-diversity\/#article\",\"isPartOf\":{\"@id\":\"https:\/\/southof6.org\/so-6-celebrates-joy-of-diversity\/\"},\"author\":{\"name\":\"Director@southof6.org\",\"@id\":\"https:\/\/southof6.org\/#\/schema\/person\/42542da4301ab06940a5193f04058b91\"},\"headline\":\"So.6 celebrates Joy of Diversity\",\"datePublished\":\"2024-05-11T09:00:00+00:00\",\"dateModified\":\"2025-02-24T22:35:40+00:00\",\"mainEntityOfPage\":{\"@id\":\"https:\/\/southof6.org\/so-6-celebrates-joy-of-diversity\/\"},\"wordCount\":482,\"commentCount\":0,\"publisher\":{\"@id\":\"https:\/\/southof6.org\/#organization\"},\"image\":{\"@id\":\"https:\/\/southof6.org\/so-6-celebrates-joy-of-diversity\/#primaryimage\"},\"thumbnailUrl\":\"https:\/\/southof6.org\/wp-content\/uploads\/2025\/02\/image.jpeg\",\"articleSection\":[\"News\"],\"inLanguage\":\"es\",\"potentialAction\":[{\"@type\":\"CommentAction\",\"name\":\"Comment\",\"target\":[\"https:\/\/southof6.org\/so-6-celebrates-joy-of-diversity\/#respond\"]}]},{\"@type\":\"WebPage\",\"@id\":\"https:\/\/southof6.org\/so-6-celebrates-joy-of-diversity\/\",\"url\":\"https:\/\/southof6.org\/so-6-celebrates-joy-of-diversity\/\",\"name\":\"So.6 celebrates Joy of Diversity - South of 6\",\"isPartOf\":{\"@id\":\"https:\/\/southof6.org\/#website\"},\"primaryImageOfPage\":{\"@id\":\"https:\/\/southof6.org\/so-6-celebrates-joy-of-diversity\/#primaryimage\"},\"image\":{\"@id\":\"https:\/\/southof6.org\/so-6-celebrates-joy-of-diversity\/#primaryimage\"},\"thumbnailUrl\":\"https:\/\/southof6.org\/wp-content\/uploads\/2025\/02\/image.jpeg\",\"datePublished\":\"2024-05-11T09:00:00+00:00\",\"dateModified\":\"2025-02-24T22:35:40+00:00\",\"breadcrumb\":{\"@id\":\"https:\/\/southof6.org\/so-6-celebrates-joy-of-diversity\/#breadcrumb\"},\"inLanguage\":\"es\",\"potentialAction\":[{\"@type\":\"ReadAction\",\"target\":[\"https:\/\/southof6.org\/so-6-celebrates-joy-of-diversity\/\"]}]},{\"@type\":\"ImageObject\",\"inLanguage\":\"es\",\"@id\":\"https:\/\/southof6.org\/so-6-celebrates-joy-of-diversity\/#primaryimage\",\"url\":\"https:\/\/southof6.org\/wp-content\/uploads\/2025\/02\/image.jpeg\",\"contentUrl\":\"https:\/\/southof6.org\/wp-content\/uploads\/2025\/02\/image.jpeg\",\"width\":563,\"height\":750,\"caption\":\"Alejandra Alvarez , or Ale, a talented artist originally from Columbia, is making her impact on Iowa City through her artistry.\"},{\"@type\":\"BreadcrumbList\",\"@id\":\"https:\/\/southof6.org\/so-6-celebrates-joy-of-diversity\/#breadcrumb\",\"itemListElement\":[{\"@type\":\"ListItem\",\"position\":1,\"name\":\"Home\",\"item\":\"https:\/\/southof6.org\/\"},{\"@type\":\"ListItem\",\"position\":2,\"name\":\"So.6 celebrates Joy of Diversity\"}]},{\"@type\":\"WebSite\",\"@id\":\"https:\/\/southof6.org\/#website\",\"url\":\"https:\/\/southof6.org\/\",\"name\":\"South of 6\",\"description\":\"\",\"publisher\":{\"@id\":\"https:\/\/southof6.org\/#organization\"},\"potentialAction\":[{\"@type\":\"SearchAction\",\"target\":{\"@type\":\"EntryPoint\",\"urlTemplate\":\"https:\/\/southof6.org\/?s={search_term_string}\"},\"query-input\":{\"@type\":\"PropertyValueSpecification\",\"valueRequired\":true,\"valueName\":\"search_term_string\"}}],\"inLanguage\":\"es\"},{\"@type\":\"Organization\",\"@id\":\"https:\/\/southof6.org\/#organization\",\"name\":\"South of 6\",\"url\":\"https:\/\/southof6.org\/\",\"logo\":{\"@type\":\"ImageObject\",\"inLanguage\":\"es\",\"@id\":\"https:\/\/southof6.org\/#\/schema\/logo\/image\/\",\"url\":\"https:\/\/southof6.org\/wp-content\/uploads\/2025\/02\/South_of_6_Business-11.png\",\"contentUrl\":\"https:\/\/southof6.org\/wp-content\/uploads\/2025\/02\/South_of_6_Business-11.png\",\"width\":1090,\"height\":800,\"caption\":\"South of 6\"},\"image\":{\"@id\":\"https:\/\/southof6.org\/#\/schema\/logo\/image\/\"}},{\"@type\":\"Person\",\"@id\":\"https:\/\/southof6.org\/#\/schema\/person\/42542da4301ab06940a5193f04058b91\",\"name\":\"Director@southof6.org\",\"image\":{\"@type\":\"ImageObject\",\"inLanguage\":\"es\",\"@id\":\"https:\/\/southof6.org\/#\/schema\/person\/image\/\",\"url\":\"https:\/\/secure.gravatar.com\/avatar\/ef69b63961911587bc94ac7542dcb25797dd7f1308cc8dd51de90a8a1c556b7b?s=96&d=mm&r=g\",\"contentUrl\":\"https:\/\/secure.gravatar.com\/avatar\/ef69b63961911587bc94ac7542dcb25797dd7f1308cc8dd51de90a8a1c556b7b?s=96&d=mm&r=g\",\"caption\":\"Director@southof6.org\"},\"sameAs\":[\"http:\/\/mauriced20.sg-host.com\"],\"url\":\"https:\/\/southof6.org\/es\/author\/directorsouthof6-org\/\"}]}<\/script>\n<!-- \/ Yoast SEO plugin. -->","yoast_head_json":{"title":"So.6 celebrates Joy of Diversity - South of 6","robots":{"index":"index","follow":"follow","max-snippet":"max-snippet:-1","max-image-preview":"max-image-preview:large","max-video-preview":"max-video-preview:-1"},"canonical":"https:\/\/southof6.org\/es\/so-6-celebrates-joy-of-diversity\/","og_locale":"es_MX","og_type":"article","og_title":"So.6 celebrates Joy of Diversity - South of 6","og_description":"Alejandra Alvarez , or Ale, a talented artist originally from Columbia, is making her impact on Iowa City through her artistry. Having lived in Iowa City for a year and a half, she is already creating pieces that will leave an everlasting legacy. Ale originally moved here with her husband, so that he can complete...","og_url":"https:\/\/southof6.org\/es\/so-6-celebrates-joy-of-diversity\/","og_site_name":"South of 6","article_published_time":"2024-05-11T09:00:00+00:00","article_modified_time":"2025-02-24T22:35:40+00:00","og_image":[{"width":563,"height":750,"url":"https:\/\/southof6.org\/wp-content\/uploads\/2025\/02\/image.jpeg","type":"image\/jpeg"}],"author":"Director@southof6.org","twitter_card":"summary_large_image","twitter_misc":{"Escrito por":"Director@southof6.org","Tiempo de lectura":"2 minutos"},"schema":{"@context":"https:\/\/schema.org","@graph":[{"@type":"Article","@id":"https:\/\/southof6.org\/so-6-celebrates-joy-of-diversity\/#article","isPartOf":{"@id":"https:\/\/southof6.org\/so-6-celebrates-joy-of-diversity\/"},"author":{"name":"Director@southof6.org","@id":"https:\/\/southof6.org\/#\/schema\/person\/42542da4301ab06940a5193f04058b91"},"headline":"So.6 celebrates Joy of Diversity","datePublished":"2024-05-11T09:00:00+00:00","dateModified":"2025-02-24T22:35:40+00:00","mainEntityOfPage":{"@id":"https:\/\/southof6.org\/so-6-celebrates-joy-of-diversity\/"},"wordCount":482,"commentCount":0,"publisher":{"@id":"https:\/\/southof6.org\/#organization"},"image":{"@id":"https:\/\/southof6.org\/so-6-celebrates-joy-of-diversity\/#primaryimage"},"thumbnailUrl":"https:\/\/southof6.org\/wp-content\/uploads\/2025\/02\/image.jpeg","articleSection":["News"],"inLanguage":"es","potentialAction":[{"@type":"CommentAction","name":"Comment","target":["https:\/\/southof6.org\/so-6-celebrates-joy-of-diversity\/#respond"]}]},{"@type":"WebPage","@id":"https:\/\/southof6.org\/so-6-celebrates-joy-of-diversity\/","url":"https:\/\/southof6.org\/so-6-celebrates-joy-of-diversity\/","name":"So.6 celebrates Joy of Diversity - South of 6","isPartOf":{"@id":"https:\/\/southof6.org\/#website"},"primaryImageOfPage":{"@id":"https:\/\/southof6.org\/so-6-celebrates-joy-of-diversity\/#primaryimage"},"image":{"@id":"https:\/\/southof6.org\/so-6-celebrates-joy-of-diversity\/#primaryimage"},"thumbnailUrl":"https:\/\/southof6.org\/wp-content\/uploads\/2025\/02\/image.jpeg","datePublished":"2024-05-11T09:00:00+00:00","dateModified":"2025-02-24T22:35:40+00:00","breadcrumb":{"@id":"https:\/\/southof6.org\/so-6-celebrates-joy-of-diversity\/#breadcrumb"},"inLanguage":"es","potentialAction":[{"@type":"ReadAction","target":["https:\/\/southof6.org\/so-6-celebrates-joy-of-diversity\/"]}]},{"@type":"ImageObject","inLanguage":"es","@id":"https:\/\/southof6.org\/so-6-celebrates-joy-of-diversity\/#primaryimage","url":"https:\/\/southof6.org\/wp-content\/uploads\/2025\/02\/image.jpeg","contentUrl":"https:\/\/southof6.org\/wp-content\/uploads\/2025\/02\/image.jpeg","width":563,"height":750,"caption":"Alejandra Alvarez , or Ale, a talented artist originally from Columbia, is making her impact on Iowa City through her artistry."},{"@type":"BreadcrumbList","@id":"https:\/\/southof6.org\/so-6-celebrates-joy-of-diversity\/#breadcrumb","itemListElement":[{"@type":"ListItem","position":1,"name":"Home","item":"https:\/\/southof6.org\/"},{"@type":"ListItem","position":2,"name":"So.6 celebrates Joy of Diversity"}]},{"@type":"WebSite","@id":"https:\/\/southof6.org\/#website","url":"https:\/\/southof6.org\/","name":"Al sur de 6","description":"","publisher":{"@id":"https:\/\/southof6.org\/#organization"},"potentialAction":[{"@type":"SearchAction","target":{"@type":"EntryPoint","urlTemplate":"https:\/\/southof6.org\/?s={search_term_string}"},"query-input":{"@type":"PropertyValueSpecification","valueRequired":true,"valueName":"search_term_string"}}],"inLanguage":"es"},{"@type":"Organization","@id":"https:\/\/southof6.org\/#organization","name":"Al sur de 6","url":"https:\/\/southof6.org\/","logo":{"@type":"ImageObject","inLanguage":"es","@id":"https:\/\/southof6.org\/#\/schema\/logo\/image\/","url":"https:\/\/southof6.org\/wp-content\/uploads\/2025\/02\/South_of_6_Business-11.png","contentUrl":"https:\/\/southof6.org\/wp-content\/uploads\/2025\/02\/South_of_6_Business-11.png","width":1090,"height":800,"caption":"South of 6"},"image":{"@id":"https:\/\/southof6.org\/#\/schema\/logo\/image\/"}},{"@type":"Person","@id":"https:\/\/southof6.org\/#\/schema\/person\/42542da4301ab06940a5193f04058b91","name":"Director@southof6.org","image":{"@type":"ImageObject","inLanguage":"es","@id":"https:\/\/southof6.org\/#\/schema\/person\/image\/","url":"https:\/\/secure.gravatar.com\/avatar\/ef69b63961911587bc94ac7542dcb25797dd7f1308cc8dd51de90a8a1c556b7b?s=96&d=mm&r=g","contentUrl":"https:\/\/secure.gravatar.com\/avatar\/ef69b63961911587bc94ac7542dcb25797dd7f1308cc8dd51de90a8a1c556b7b?s=96&d=mm&r=g","caption":"Director@southof6.org"},"sameAs":["http:\/\/mauriced20.sg-host.com"],"url":"https:\/\/southof6.org\/es\/author\/directorsouthof6-org\/"}]}},"taxonomy_info":{"category":[{"value":1,"label":"News"}]},"featured_image_src_large":["https:\/\/southof6.org\/wp-content\/uploads\/2025\/02\/image.jpeg",563,750,false],"author_info":{"display_name":"Director@southof6.org","author_link":"https:\/\/southof6.org\/es\/author\/directorsouthof6-org\/"},"comment_info":0,"category_info":[{"term_id":1,"name":"News","slug":"news","term_group":0,"term_taxonomy_id":1,"taxonomy":"category","description":"","parent":0,"count":21,"filter":"raw","cat_ID":1,"category_count":21,"category_description":"","cat_name":"News","category_nicename":"news","category_parent":0}],"tag_info":false,"_links":{"self":[{"href":"https:\/\/southof6.org\/es\/wp-json\/wp\/v2\/posts\/699","targetHints":{"allow":["GET"]}}],"collection":[{"href":"https:\/\/southof6.org\/es\/wp-json\/wp\/v2\/posts"}],"about":[{"href":"https:\/\/southof6.org\/es\/wp-json\/wp\/v2\/types\/post"}],"author":[{"embeddable":true,"href":"https:\/\/southof6.org\/es\/wp-json\/wp\/v2\/users\/1"}],"replies":[{"embeddable":true,"href":"https:\/\/southof6.org\/es\/wp-json\/wp\/v2\/comments?post=699"}],"version-history":[{"count":1,"href":"https:\/\/southof6.org\/es\/wp-json\/wp\/v2\/posts\/699\/revisions"}],"predecessor-version":[{"id":701,"href":"https:\/\/southof6.org\/es\/wp-json\/wp\/v2\/posts\/699\/revisions\/701"}],"wp:featuredmedia":[{"embeddable":true,"href":"https:\/\/southof6.org\/es\/wp-json\/wp\/v2\/media\/700"}],"wp:attachment":[{"href":"https:\/\/southof6.org\/es\/wp-json\/wp\/v2\/media?parent=699"}],"wp:term":[{"taxonomy":"category","embeddable":true,"href":"https:\/\/southof6.org\/es\/wp-json\/wp\/v2\/categories?post=699"},{"taxonomy":"post_tag","embeddable":true,"href":"https:\/\/southof6.org\/es\/wp-json\/wp\/v2\/tags?post=699"},{"taxonomy":"rental","embeddable":true,"href":"https:\/\/southof6.org\/es\/wp-json\/wp\/v2\/rental?post=699"}],"curies":[{"name":"gracias","href":"https:\/\/api.w.org\/{rel}","templated":true}]}}